{"id":14861,"date":"2026-04-29T15:54:05","date_gmt":"2026-04-29T15:54:05","guid":{"rendered":"https:\/\/lemonde.express\/gewobau-feiert-richtfest-in-erlangen-sud\/"},"modified":"2026-04-29T15:54:05","modified_gmt":"2026-04-29T15:54:05","slug":"gewobau-feiert-richtfest-in-erlangen-sud","status":"publish","type":"post","link":"https:\/\/lemonde.express\/de\/gewobau-feiert-richtfest-in-erlangen-sud\/","title":{"rendered":"Gewobau feiert Richtfest in Erlangen-S\u00fcd"},"content":{"rendered":"<p><br \/>\n<br \/>In Erlangen-S\u00fcd hat Gewobau Erlangen Richtfest f\u00fcr den zweiten Bauabschnitt eines Wohnquartiers gefeiert. Neben Neubau wird dort modular aufgestockt. Das meldet der Fr\u00e4nkische Tag.<br \/>\n<br \/><br \/>\n<br \/><a href=\"https:\/\/www.iz.de\/presseschau\/news\/-gewobau-feiert-richtfest-in-erlangen-sued-2000043546?utm_source=rss&#038;utm_medium=referral&#038;utm_campaign=news&#038;utm_term=\" target=\"_blank\" rel=\"noopener\">Quelle <\/a><\/p>\n","protected":false},"excerpt":{"rendered":"<p>In Erlangen-S\u00fcd hat Gewobau Erlangen Richtfest f\u00fcr den zweiten Bauabschnitt eines Wohnquartiers gefeiert. Neben Neubau wird dort modular aufgestockt. Das meldet der&hellip;<\/p>\n","protected":false},"author":1,"featured_media":0,"comment_status":"closed","ping_status":"closed","sticky":false,"template":"","format":"standard","meta":{"_lmt_disableupdate":"","_lmt_disable":"","footnotes":""},"categories":[3408,3447],"tags":[],"class_list":["post-14861","post","type-post","status-publish","format-standard","hentry","category-immobilien","category-immobilier"],"_links":{"self":[{"href":"https:\/\/lemonde.express\/de\/wp-json\/wp\/v2\/posts\/14861","targetHints":{"allow":["GET"]}}],"collection":[{"href":"https:\/\/lemonde.express\/de\/wp-json\/wp\/v2\/posts"}],"about":[{"href":"https:\/\/lemonde.express\/de\/wp-json\/wp\/v2\/types\/post"}],"author":[{"embeddable":true,"href":"https:\/\/lemonde.express\/de\/wp-json\/wp\/v2\/users\/1"}],"replies":[{"embeddable":true,"href":"https:\/\/lemonde.express\/de\/wp-json\/wp\/v2\/comments?post=14861"}],"version-history":[{"count":0,"href":"https:\/\/lemonde.express\/de\/wp-json\/wp\/v2\/posts\/14861\/revisions"}],"wp:attachment":[{"href":"https:\/\/lemonde.express\/de\/wp-json\/wp\/v2\/media?parent=14861"}],"wp:term":[{"taxonomy":"category","embeddable":true,"href":"https:\/\/lemonde.express\/de\/wp-json\/wp\/v2\/categories?post=14861"},{"taxonomy":"post_tag","embeddable":true,"href":"https:\/\/lemonde.express\/de\/wp-json\/wp\/v2\/tags?post=14861"}],"curies":[{"name":"wp","href":"https:\/\/api.w.org\/{rel}","templated":true}]}}