{"id":14893,"date":"2026-04-30T11:54:09","date_gmt":"2026-04-30T11:54:09","guid":{"rendered":"https:\/\/lemonde.express\/cancel-culture-gefahr-fur-die-meinungsfreiheit\/"},"modified":"2026-04-30T11:54:09","modified_gmt":"2026-04-30T11:54:09","slug":"cancel-culture-gefahr-fur-die-meinungsfreiheit","status":"publish","type":"post","link":"https:\/\/lemonde.express\/de\/cancel-culture-gefahr-fur-die-meinungsfreiheit\/","title":{"rendered":"Cancel Culture: Gefahr f\u00fcr die Meinungsfreiheit?"},"content":{"rendered":"<p><br \/>\n<br \/><img decoding=\"async\" src=\"https:\/\/www.zdfheute.de\/assets\/meinungsfreiheit-112~384x216?cb=1777367687383\" \/><\/p>\n<div data-testid=\"text-module\">\n<figure role=\"figure\" aria-label=\"Jan Fleischhauer meint: Cancel Culture bedroht die Meinungsfreiheit. Aktivistin Leonie Plaar h\u00e4lt dagegen: Niemand wird gecancelt, Cancel Culture ist eine Erfindung der Rechten.\" class=\"c1owvrps c10o8fzf\" style=\"--c10o8fzf-0:16px;--c10o8fzf-1:var(--vertical-content-padding) &#10;    max(var(--horizontal-content-padding), env(safe-area-inset-left), env(safe-area-inset-right));--c10o8fzf-2:720px;--c10o8fzf-3:unset;--c1owvrps-0:100%;--c1owvrps-1:100%\">\n<div style=\"--aspect-ratio:16\/9\" class=\"v1juetu9 hmz33y4 c1b61q9f\" data-testid=\"player\"><picture class=\"pdq8aiy\"><source srcset=\"https:\/\/www.zdfheute.de\/assets\/leonie-plaar-102~384x216?cb=1777540854814 384w, https:\/\/www.zdfheute.de\/assets\/leonie-plaar-102~768x432?cb=1777540854814 768w, https:\/\/www.zdfheute.de\/assets\/leonie-plaar-102~1280x720?cb=1777540854814 1280w, https:\/\/www.zdfheute.de\/assets\/leonie-plaar-102~1920x1080?cb=1777540854814 1920w, https:\/\/www.zdfheute.de\/assets\/leonie-plaar-102~2400x1350?cb=1777540854814 2400w, https:\/\/www.zdfheute.de\/assets\/leonie-plaar-102~3840x2160?cb=1777540854814 3840w\"\/><\/picture>\n<figure class=\"p19vhib2\"\/><\/div><figcaption>\n<p class=\"c1pbsmr2\">Jan Fleischhauer meint: Cancel Culture bedroht die Meinungsfreiheit. Aktivistin Leonie Plaar h\u00e4lt dagegen: Niemand wird gecancelt, Cancel Culture ist eine Erfindung der Rechten.<\/p>\n<p><small class=\"m211382\">30.04.2026 | 28:24 min<\/small><\/figcaption><hr class=\"d3s70gw d19t6vpa\"\/><\/figure>\n<div class=\"c10o8fzf\" style=\"--c10o8fzf-0:16px;--c10o8fzf-1:var(--vertical-content-padding) &#10;    max(var(--horizontal-content-padding), env(safe-area-inset-left), env(safe-area-inset-right));--c10o8fzf-2:720px;--c10o8fzf-3:unset\">\n<p class=\"r1nj4qn5 rvqyqzi\">Was ist Cancel Culture \u00fcberhaupt? Schon bei der Definition gehen die Positionen im ZDF-Format <a data-testid=\"richtext-link\" href=\"https:\/\/www.zdf.de\/talk\/keine-talkshow-eingesperrt-mit-jan-fleischhauer-100\" target=\"_blank\" rel=\"noopener\" class=\"\">&#8222;Keine Talkshow&#8220;<\/a> weit auseinander. F\u00fcr Jan Fleischhauer beschreibt der Begriff ein Muster: Jemand \u00e4u\u00dfert eine umstrittene Meinung &#8211; und wird daraufhin aus der \u00d6ffentlichkeit gedr\u00e4ngt, verliert Auftr\u00e4ge oder seinen Job. <\/p>\n<\/div>\n<div class=\"c10o8fzf\" style=\"--c10o8fzf-0:16px;--c10o8fzf-1:var(--vertical-content-padding) &#10;    max(var(--horizontal-content-padding), env(safe-area-inset-left), env(safe-area-inset-right));--c10o8fzf-2:720px;--c10o8fzf-3:unset\">\n<p class=\"r1nj4qn5 rvqyqzi\">Die Influencerin und politische Aktivistin Leonie Plaar h\u00e4lt diese Sicht&#8230;<\/p>\n<\/div>\n<\/div>\n<p><br \/>\n<br \/><a href=\"https:\/\/www.zdfheute.de\/panorama\/keine-talkshow-fleischhauer-plaar-cancel-culture-100.html\" target=\"_blank\" rel=\"noopener\">Quelle<\/a><\/p>\n","protected":false},"excerpt":{"rendered":"<p>Jan Fleischhauer meint: Cancel Culture bedroht die Meinungsfreiheit. Aktivistin Leonie Plaar h\u00e4lt dagegen: Niemand wird gecancelt, Cancel Culture ist eine Erfindung der&hellip;<\/p>\n","protected":false},"author":1,"featured_media":0,"comment_status":"closed","ping_status":"closed","sticky":false,"template":"","format":"standard","meta":{"_lmt_disableupdate":"","_lmt_disable":"","footnotes":""},"categories":[3509,3477],"tags":[],"class_list":["post-14893","post","type-post","status-publish","format-standard","hentry","category-australie","category-australien"],"_links":{"self":[{"href":"https:\/\/lemonde.express\/de\/wp-json\/wp\/v2\/posts\/14893","targetHints":{"allow":["GET"]}}],"collection":[{"href":"https:\/\/lemonde.express\/de\/wp-json\/wp\/v2\/posts"}],"about":[{"href":"https:\/\/lemonde.express\/de\/wp-json\/wp\/v2\/types\/post"}],"author":[{"embeddable":true,"href":"https:\/\/lemonde.express\/de\/wp-json\/wp\/v2\/users\/1"}],"replies":[{"embeddable":true,"href":"https:\/\/lemonde.express\/de\/wp-json\/wp\/v2\/comments?post=14893"}],"version-history":[{"count":0,"href":"https:\/\/lemonde.express\/de\/wp-json\/wp\/v2\/posts\/14893\/revisions"}],"wp:attachment":[{"href":"https:\/\/lemonde.express\/de\/wp-json\/wp\/v2\/media?parent=14893"}],"wp:term":[{"taxonomy":"category","embeddable":true,"href":"https:\/\/lemonde.express\/de\/wp-json\/wp\/v2\/categories?post=14893"},{"taxonomy":"post_tag","embeddable":true,"href":"https:\/\/lemonde.express\/de\/wp-json\/wp\/v2\/tags?post=14893"}],"curies":[{"name":"wp","href":"https:\/\/api.w.org\/{rel}","templated":true}]}}