{"id":11209,"date":"2025-12-16T15:26:57","date_gmt":"2025-12-16T15:26:57","guid":{"rendered":"https:\/\/lemonde.express\/tras-una-ruptura-como-repartimos-los-amigos-estilo-de-vida\/"},"modified":"2025-12-16T15:26:57","modified_gmt":"2025-12-16T15:26:57","slug":"tras-una-ruptura-como-repartimos-los-amigos-estilo-de-vida","status":"publish","type":"post","link":"https:\/\/lemonde.express\/es\/tras-una-ruptura-como-repartimos-los-amigos-estilo-de-vida\/","title":{"rendered":"Tras una ruptura, \u00bfc\u00f3mo repartimos los amigos? | Estilo de vida"},"content":{"rendered":"<p><br \/>\n<br \/><img decoding=\"async\" data-src=\"https:\/\/imagenes.elpais.com\/resizer\/v2\/2KJA6EIKNJER7E6PHSPAZXWF7U.jpg?auth=6025f25fe19e1fceb42bc1bbf6f675f2157339f4baebc46e7b23113ba1c7c5fa\" src=\"data:image\/svg+xml;base64,PHN2ZyB3aWR0aD0iMSIgaGVpZ2h0PSIxIiB4bWxucz0iaHR0cDovL3d3dy53My5vcmcvMjAwMC9zdmciPjwvc3ZnPg==\" class=\"lazyload\" \/><\/p>\n<div data-dtm-region=\"articulo_cuerpo\">\n<p class=\"\">Marcos y Luc\u00eda (nombres ficticios) tienen 41 y 39 a\u00f1os, respectivamente, y llevaban 12 a\u00f1os juntos. Pero el pasado mes de abril ella decidi\u00f3 acabar la relaci\u00f3n, para sorpresa de Marcos,<a href=\"https:\/\/elpais.com\/estilo-de-vida\/2025-09-06\/decir-adios-dos-veces-los-danos-colaterales-de-una-ruptura-sentimental-y-como-afecta-esta-al-circulo-de-amigos-y-familia.html\" target=\"_blank\" rel=\"noreferrer noopener\" title=\"https:\/\/elpais.com\/estilo-de-vida\/2025-09-06\/decir-adios-dos-veces-los-danos-colaterales-de-una-ruptura-sentimental-y-como-afecta-esta-al-circulo-de-amigos-y-familia.html\"> que vio como de un d\u00eda para otro su vida cambiaba radicalmente<\/a>. \u201cNo solo desapareci\u00f3 ella, adem\u00e1s todos los amigos que yo cre\u00eda que tambi\u00e9n eran m\u00edos\u201d, lamenta \u00e9l. Algo parecido le pas\u00f3 a Claudia. Esta burgalesa de 34 a\u00f1os se mud\u00f3 a Madrid para hacer un posgrado y se qued\u00f3 tras conocer a Rub\u00e9n. Despu\u00e9s de seis a\u00f1os juntos, cuando \u00e9l rompi\u00f3 la relaci\u00f3n, ella perdi\u00f3 al que cre\u00eda su&#8230;<\/p>\n<\/div>\n<p><br \/>\n<br \/><a href=\"https:\/\/elpais.com\/estilo-de-vida\/2025-12-13\/tras-una-ruptura-como-repartimos-los-amigos.html\" target=\"_blank\" rel=\"noopener\">Fuente <\/a><\/p>\n","protected":false},"excerpt":{"rendered":"<p>Marcos y Luc\u00eda (nombres ficticios) tienen 41 y 39 a\u00f1os, respectivamente, y llevaban 12 a\u00f1os juntos. Pero el pasado mes de abril&hellip;<\/p>\n","protected":false},"author":1,"featured_media":0,"comment_status":"closed","ping_status":"closed","sticky":false,"template":"","format":"standard","meta":{"_lmt_disableupdate":"","_lmt_disable":"","footnotes":""},"categories":[3417],"tags":[],"class_list":["post-11209","post","type-post","status-publish","format-standard","hentry","category-estilo-de-vida"],"_links":{"self":[{"href":"https:\/\/lemonde.express\/es\/wp-json\/wp\/v2\/posts\/11209","targetHints":{"allow":["GET"]}}],"collection":[{"href":"https:\/\/lemonde.express\/es\/wp-json\/wp\/v2\/posts"}],"about":[{"href":"https:\/\/lemonde.express\/es\/wp-json\/wp\/v2\/types\/post"}],"author":[{"embeddable":true,"href":"https:\/\/lemonde.express\/es\/wp-json\/wp\/v2\/users\/1"}],"replies":[{"embeddable":true,"href":"https:\/\/lemonde.express\/es\/wp-json\/wp\/v2\/comments?post=11209"}],"version-history":[{"count":0,"href":"https:\/\/lemonde.express\/es\/wp-json\/wp\/v2\/posts\/11209\/revisions"}],"wp:attachment":[{"href":"https:\/\/lemonde.express\/es\/wp-json\/wp\/v2\/media?parent=11209"}],"wp:term":[{"taxonomy":"category","embeddable":true,"href":"https:\/\/lemonde.express\/es\/wp-json\/wp\/v2\/categories?post=11209"},{"taxonomy":"post_tag","embeddable":true,"href":"https:\/\/lemonde.express\/es\/wp-json\/wp\/v2\/tags?post=11209"}],"curies":[{"name":"wp","href":"https:\/\/api.w.org\/{rel}","templated":true}]}}