{"id":11629,"date":"2025-12-16T17:46:11","date_gmt":"2025-12-16T17:46:11","guid":{"rendered":"https:\/\/lemonde.express\/al-menos-22-muertos-en-ecuador-por-ataque-armado-en-un-barrio-de-guayaquil\/"},"modified":"2025-12-16T17:46:11","modified_gmt":"2025-12-16T17:46:11","slug":"al-menos-22-muertos-en-ecuador-por-ataque-armado-en-un-barrio-de-guayaquil","status":"publish","type":"post","link":"https:\/\/lemonde.express\/es\/al-menos-22-muertos-en-ecuador-por-ataque-armado-en-un-barrio-de-guayaquil\/","title":{"rendered":"Al menos 22 muertos en Ecuador por ataque armado en un barrio de Guayaquil"},"content":{"rendered":"<p><br \/>\n<br \/><img decoding=\"async\" data-src=\"https:\/\/gdb.voanews.com\/6d23c894-47de-444a-99bb-7cf595b8a5ee_w800_h450.jpg\" src=\"data:image\/svg+xml;base64,PHN2ZyB3aWR0aD0iMSIgaGVpZ2h0PSIxIiB4bWxucz0iaHR0cDovL3d3dy53My5vcmcvMjAwMC9zdmciPjwvc3ZnPg==\" class=\"lazyload\" \/><\/p>\n<div id=\"article-content\">\n<div class=\"wsw\">\n<span class=\"dateline\">QUITO \u2014\u00a0<\/span><\/p>\n<p>Veintid\u00f3s personas fueron asesinadas el jueves en un ataque armado en la ciudad portuaria de Guayaquil, inform\u00f3 la polic\u00eda, en medio de un repunte de la violencia que asedia a Ecuador desde hace cuatro a\u00f1os.<\/p>\n<p>La masacre se produjo en la popular barriada \u201cSocio Vivienda 2\u201d, en el noroeste de la ciudad, cuando unas 20 personas accedieron al lugar a trav\u00e9s de una zona boscosa y abrieron fuego con fusiles, armas de grueso calibre y pistolas 9 mil\u00edmetros, persiguiendo a las v\u00edctimas hasta sus viviendas, inform\u00f3 el coronel Herbie Guaman\u00ed, jefe policial del vecindario&#8230;<\/p>\n<\/div>\n<\/div>\n<p><br \/>\n<br \/><a href=\"https:\/\/www.vozdeamerica.com\/a\/al-menos-22-muertos-en-ecuador-por-ataque-armado-en-un-barrio-de-guayaquil\/8002194.html\" target=\"_blank\" rel=\"noopener\">Fuente <\/a><\/p>\n","protected":false},"excerpt":{"rendered":"<p>QUITO \u2014\u00a0 Veintid\u00f3s personas fueron asesinadas el jueves en un ataque armado en la ciudad portuaria de Guayaquil, inform\u00f3 la polic\u00eda, en&hellip;<\/p>\n","protected":false},"author":1,"featured_media":0,"comment_status":"closed","ping_status":"closed","sticky":false,"template":"","format":"standard","meta":{"_lmt_disableupdate":"","_lmt_disable":"","footnotes":""},"categories":[3505],"tags":[],"class_list":["post-11629","post","type-post","status-publish","format-standard","hentry","category-america-del-sur"],"_links":{"self":[{"href":"https:\/\/lemonde.express\/es\/wp-json\/wp\/v2\/posts\/11629","targetHints":{"allow":["GET"]}}],"collection":[{"href":"https:\/\/lemonde.express\/es\/wp-json\/wp\/v2\/posts"}],"about":[{"href":"https:\/\/lemonde.express\/es\/wp-json\/wp\/v2\/types\/post"}],"author":[{"embeddable":true,"href":"https:\/\/lemonde.express\/es\/wp-json\/wp\/v2\/users\/1"}],"replies":[{"embeddable":true,"href":"https:\/\/lemonde.express\/es\/wp-json\/wp\/v2\/comments?post=11629"}],"version-history":[{"count":0,"href":"https:\/\/lemonde.express\/es\/wp-json\/wp\/v2\/posts\/11629\/revisions"}],"wp:attachment":[{"href":"https:\/\/lemonde.express\/es\/wp-json\/wp\/v2\/media?parent=11629"}],"wp:term":[{"taxonomy":"category","embeddable":true,"href":"https:\/\/lemonde.express\/es\/wp-json\/wp\/v2\/categories?post=11629"},{"taxonomy":"post_tag","embeddable":true,"href":"https:\/\/lemonde.express\/es\/wp-json\/wp\/v2\/tags?post=11629"}],"curies":[{"name":"wp","href":"https:\/\/api.w.org\/{rel}","templated":true}]}}