{"id":11633,"date":"2025-12-16T17:47:00","date_gmt":"2025-12-16T17:47:00","guid":{"rendered":"https:\/\/lemonde.express\/sheinbaum-ve-momento-de-reflexion-para-progresismo-tras-triunfo-de-kast\/"},"modified":"2025-12-16T17:47:00","modified_gmt":"2025-12-16T17:47:00","slug":"sheinbaum-ve-momento-de-reflexion-para-progresismo-tras-triunfo-de-kast","status":"publish","type":"post","link":"https:\/\/lemonde.express\/es\/sheinbaum-ve-momento-de-reflexion-para-progresismo-tras-triunfo-de-kast\/","title":{"rendered":"Sheinbaum ve \u201cmomento de reflexi\u00f3n\u201d para progresismo tras triunfo de Kast"},"content":{"rendered":"<p><br \/>\n<\/p>\n<div>\n<p class=\"introtext\" itemprop=\"description\">La presidenta de M\u00e9xico llam\u00f3 al progresismo latinoamericano a una reflexi\u00f3n profunda ante la victoria del ultraderechista Kast en las presidenciales de Chile.<\/p>\n<div itemprop=\"articleBody\">\n<p>\u201cCreo que es un momento de reflexi\u00f3n para los movimientos progresistas en Am\u00e9rica Latina de por qu\u00e9 se dan estas circunstancias. Yo creo que esto no se va a dar en M\u00e9xico, porque hay mucho apoyo popular al Gobierno, porque estamos cumpliendo\u201d, manifest\u00f3 el lunes la mandataria mexicana, Claudia Sheinbaum,\u00a0en su conferencia matutina en Palacio Nacional.<\/p>\n<p>La dignataria mexicana destac\u00f3 que los comicios representan un giro&#8230;<\/p>\n<\/div>\n<\/div>\n<p><br \/>\n<br \/><a href=\"https:\/\/www.hispantv.com\/noticias\/mexico\/636685\/sheinbaum-reflexion-progresista-elecciones-chile\" target=\"_blank\" rel=\"noopener\">Fuente <\/a><\/p>\n","protected":false},"excerpt":{"rendered":"<p>La presidenta de M\u00e9xico llam\u00f3 al progresismo latinoamericano a una reflexi\u00f3n profunda ante la victoria del ultraderechista Kast en las presidenciales de&hellip;<\/p>\n","protected":false},"author":1,"featured_media":0,"comment_status":"closed","ping_status":"closed","sticky":false,"template":"","format":"standard","meta":{"_lmt_disableupdate":"","_lmt_disable":"","footnotes":""},"categories":[3504],"tags":[],"class_list":["post-11633","post","type-post","status-publish","format-standard","hentry","category-america-del-norte"],"_links":{"self":[{"href":"https:\/\/lemonde.express\/es\/wp-json\/wp\/v2\/posts\/11633","targetHints":{"allow":["GET"]}}],"collection":[{"href":"https:\/\/lemonde.express\/es\/wp-json\/wp\/v2\/posts"}],"about":[{"href":"https:\/\/lemonde.express\/es\/wp-json\/wp\/v2\/types\/post"}],"author":[{"embeddable":true,"href":"https:\/\/lemonde.express\/es\/wp-json\/wp\/v2\/users\/1"}],"replies":[{"embeddable":true,"href":"https:\/\/lemonde.express\/es\/wp-json\/wp\/v2\/comments?post=11633"}],"version-history":[{"count":0,"href":"https:\/\/lemonde.express\/es\/wp-json\/wp\/v2\/posts\/11633\/revisions"}],"wp:attachment":[{"href":"https:\/\/lemonde.express\/es\/wp-json\/wp\/v2\/media?parent=11633"}],"wp:term":[{"taxonomy":"category","embeddable":true,"href":"https:\/\/lemonde.express\/es\/wp-json\/wp\/v2\/categories?post=11633"},{"taxonomy":"post_tag","embeddable":true,"href":"https:\/\/lemonde.express\/es\/wp-json\/wp\/v2\/tags?post=11633"}],"curies":[{"name":"wp","href":"https:\/\/api.w.org\/{rel}","templated":true}]}}