{"id":11634,"date":"2025-12-16T17:47:03","date_gmt":"2025-12-16T17:47:03","guid":{"rendered":"https:\/\/lemonde.express\/nuevos-aranceles-de-mexico-a-productos-de-paises-asiaticos-entraran-en-vigor-el-1-de-enero-de-2026-confirma-sheinbaum\/"},"modified":"2025-12-16T17:47:03","modified_gmt":"2025-12-16T17:47:03","slug":"nuevos-aranceles-de-mexico-a-productos-de-paises-asiaticos-entraran-en-vigor-el-1-de-enero-de-2026-confirma-sheinbaum","status":"publish","type":"post","link":"https:\/\/lemonde.express\/es\/nuevos-aranceles-de-mexico-a-productos-de-paises-asiaticos-entraran-en-vigor-el-1-de-enero-de-2026-confirma-sheinbaum\/","title":{"rendered":"Nuevos aranceles de M\u00e9xico a productos de pa\u00edses asi\u00e1ticos entrar\u00e1n en vigor el 1 de enero de 2026, confirma Sheinbaum"},"content":{"rendered":"<p><br \/>\n<\/p>\n<div>\n<div class=\"article-content--fecha  uppdated\">\n<p> <span class=\"escrito\">Escrito en <\/span> <span class=\"seccion\">ECONOM\u00cdA<\/span> <span class=\"el\">el<\/span> <time class=\"fecha-time\" itemprop=\"datePublished\" datetime=\"2025-12-15T11:5:00\">15\/12\/2025 \u00b7 11:05 hs<\/time> <\/p>\n<\/p><\/div>\n<\/p><\/div>\n<div>\n<p>EFE.- La presidenta Claudia Sheinbaum\u00a0confirm\u00f3 este lunes que el <strong>nuevo paquete de aranceles <\/strong>a productos procedentes de China y otros pa\u00edses asi\u00e1ticos <strong>entrar\u00e1 en vigor a partir del 1 de enero de 2026<\/strong>, con el objetivo de proteger el empleo nacional, corregir distorsiones en el comercio exterior y fortalecer industrias estrat\u00e9gicas.<\/p>\n<p>Durante la conferencia de prensa matutina de la mandataria, el secretario de Econom\u00eda, <strong>Marcelo Ebrard,<\/strong> insisti\u00f3 que la decisi\u00f3n forma parte de una pol\u00edtica industrial integral que busca evitar la&#8230;<\/p>\n<\/div>\n<p><br \/>\n<br \/><a href=\"https:\/\/latinus.us\/economia\/2025\/12\/15\/nuevos-aranceles-de-mexico-productos-de-paises-asiaticos-entraran-en-vigor-el-de-enero-de-2026-confirma-sheinbaum-159501.html\" target=\"_blank\" rel=\"noopener\">Fuente <\/a><\/p>\n","protected":false},"excerpt":{"rendered":"<p>Escrito en ECONOM\u00cdA el 15\/12\/2025 \u00b7 11:05 hs EFE.- La presidenta Claudia Sheinbaum\u00a0confirm\u00f3 este lunes que el nuevo paquete de aranceles a&hellip;<\/p>\n","protected":false},"author":1,"featured_media":0,"comment_status":"closed","ping_status":"closed","sticky":false,"template":"","format":"standard","meta":{"_lmt_disableupdate":"","_lmt_disable":"","footnotes":""},"categories":[3504],"tags":[],"class_list":["post-11634","post","type-post","status-publish","format-standard","hentry","category-america-del-norte"],"_links":{"self":[{"href":"https:\/\/lemonde.express\/es\/wp-json\/wp\/v2\/posts\/11634","targetHints":{"allow":["GET"]}}],"collection":[{"href":"https:\/\/lemonde.express\/es\/wp-json\/wp\/v2\/posts"}],"about":[{"href":"https:\/\/lemonde.express\/es\/wp-json\/wp\/v2\/types\/post"}],"author":[{"embeddable":true,"href":"https:\/\/lemonde.express\/es\/wp-json\/wp\/v2\/users\/1"}],"replies":[{"embeddable":true,"href":"https:\/\/lemonde.express\/es\/wp-json\/wp\/v2\/comments?post=11634"}],"version-history":[{"count":0,"href":"https:\/\/lemonde.express\/es\/wp-json\/wp\/v2\/posts\/11634\/revisions"}],"wp:attachment":[{"href":"https:\/\/lemonde.express\/es\/wp-json\/wp\/v2\/media?parent=11634"}],"wp:term":[{"taxonomy":"category","embeddable":true,"href":"https:\/\/lemonde.express\/es\/wp-json\/wp\/v2\/categories?post=11634"},{"taxonomy":"post_tag","embeddable":true,"href":"https:\/\/lemonde.express\/es\/wp-json\/wp\/v2\/tags?post=11634"}],"curies":[{"name":"wp","href":"https:\/\/api.w.org\/{rel}","templated":true}]}}