{"id":11636,"date":"2025-12-16T17:47:12","date_gmt":"2025-12-16T17:47:12","guid":{"rendered":"https:\/\/lemonde.express\/mexico-abre-investigacion-antidumping-a-importaciones-de-carne-de-cerdo-desde-eu\/"},"modified":"2025-12-16T17:47:12","modified_gmt":"2025-12-16T17:47:12","slug":"mexico-abre-investigacion-antidumping-a-importaciones-de-carne-de-cerdo-desde-eu","status":"publish","type":"post","link":"https:\/\/lemonde.express\/es\/mexico-abre-investigacion-antidumping-a-importaciones-de-carne-de-cerdo-desde-eu\/","title":{"rendered":"M\u00e9xico abre investigaci\u00f3n antidumping a importaciones de carne de cerdo desde EU"},"content":{"rendered":"<p><br \/>\n<\/p>\n<div>\n<div class=\"article-content--fecha  uppdated\">\n<p> <span class=\"escrito\">Escrito en <\/span> <span class=\"seccion\">ECONOM\u00cdA<\/span> <span class=\"el\">el<\/span> <time class=\"fecha-time\" itemprop=\"datePublished\" datetime=\"2025-12-15T9:24:00\">15\/12\/2025 \u00b7 09:24 hs<\/time> <\/p>\n<\/p><\/div>\n<\/p><\/div>\n<div>\n<p>Reuters.- El gobierno inici\u00f3 una investigaci\u00f3n <em><strong>antidumping<\/strong><\/em> y <strong>antisubvenci\u00f3n<\/strong> sobre las importaciones de pierna y espaldilla de cerdo desde\u00a0Estados Unidos, a\u00a0petici\u00f3n de\u00a0cinco empresas que denunciaron <strong>pr\u00e1cticas desleales<\/strong> de<strong> <\/strong>comercio internacional sobre los precios y subvenciones de estos productos, seg\u00fan una resoluci\u00f3n <a href=\"http:\/\/www.dof.gob.mx\/nota_detalle.php?codigo=5776191&amp;fecha=15\/12\/2025#gsc.tab=0\" target=\"_blank\" rel=\"noopener\">publicada el lunes en el diario oficial<\/a>.<\/p>\n<p>La investigaci\u00f3n examinar\u00e1 las <strong>importaciones<\/strong> de 2024 y su impacto en la<strong> industria porcina<\/strong> del pa\u00eds\u00a0de 2022 a 2024, inform\u00f3 la Secretar\u00eda de Econom\u00eda de M\u00e9xico en&#8230;<\/p>\n<\/div>\n<p><br \/>\n<br \/><a href=\"https:\/\/latinus.us\/economia\/2025\/12\/15\/mexico-abre-investigacion-antidumping-importaciones-de-carne-de-cerdo-desde-eu-159490.html\" target=\"_blank\" rel=\"noopener\">Fuente <\/a><\/p>\n","protected":false},"excerpt":{"rendered":"<p>Escrito en ECONOM\u00cdA el 15\/12\/2025 \u00b7 09:24 hs Reuters.- El gobierno inici\u00f3 una investigaci\u00f3n antidumping y antisubvenci\u00f3n sobre las importaciones de pierna&hellip;<\/p>\n","protected":false},"author":1,"featured_media":0,"comment_status":"closed","ping_status":"closed","sticky":false,"template":"","format":"standard","meta":{"_lmt_disableupdate":"","_lmt_disable":"","footnotes":""},"categories":[3504],"tags":[],"class_list":["post-11636","post","type-post","status-publish","format-standard","hentry","category-america-del-norte"],"_links":{"self":[{"href":"https:\/\/lemonde.express\/es\/wp-json\/wp\/v2\/posts\/11636","targetHints":{"allow":["GET"]}}],"collection":[{"href":"https:\/\/lemonde.express\/es\/wp-json\/wp\/v2\/posts"}],"about":[{"href":"https:\/\/lemonde.express\/es\/wp-json\/wp\/v2\/types\/post"}],"author":[{"embeddable":true,"href":"https:\/\/lemonde.express\/es\/wp-json\/wp\/v2\/users\/1"}],"replies":[{"embeddable":true,"href":"https:\/\/lemonde.express\/es\/wp-json\/wp\/v2\/comments?post=11636"}],"version-history":[{"count":0,"href":"https:\/\/lemonde.express\/es\/wp-json\/wp\/v2\/posts\/11636\/revisions"}],"wp:attachment":[{"href":"https:\/\/lemonde.express\/es\/wp-json\/wp\/v2\/media?parent=11636"}],"wp:term":[{"taxonomy":"category","embeddable":true,"href":"https:\/\/lemonde.express\/es\/wp-json\/wp\/v2\/categories?post=11636"},{"taxonomy":"post_tag","embeddable":true,"href":"https:\/\/lemonde.express\/es\/wp-json\/wp\/v2\/tags?post=11636"}],"curies":[{"name":"wp","href":"https:\/\/api.w.org\/{rel}","templated":true}]}}