{"id":11637,"date":"2025-12-16T17:47:13","date_gmt":"2025-12-16T17:47:13","guid":{"rendered":"https:\/\/lemonde.express\/avion-militar-de-eeuu-casi-choca-con-avion-civil-cerca-de-venezuela\/"},"modified":"2025-12-16T17:47:13","modified_gmt":"2025-12-16T17:47:13","slug":"avion-militar-de-eeuu-casi-choca-con-avion-civil-cerca-de-venezuela","status":"publish","type":"post","link":"https:\/\/lemonde.express\/es\/avion-militar-de-eeuu-casi-choca-con-avion-civil-cerca-de-venezuela\/","title":{"rendered":"Avi\u00f3n militar de EEUU casi choca con avi\u00f3n civil cerca de Venezuela"},"content":{"rendered":"<p><br \/>\n<\/p>\n<div>\n<p class=\"introtext\" itemprop=\"description\">Un avi\u00f3n militar de EE.UU. estuvo a punto de colisionar con un vuelo de JetBlue procedente de la peque\u00f1a naci\u00f3n caribe\u00f1a de Curazao, cerca de las costas de Venezuela.<\/p>\n<div itemprop=\"articleBody\">\n<p>\u201cCasi tuvimos una colisi\u00f3n en el aire aqu\u00ed arriba (\u2026) era un avi\u00f3n de reabastecimiento en vuelo de la Fuerza A\u00e9rea de Estados Unidos y estaba a nuestra altitud (\u2026) Tuvimos que detener nuestro ascenso\u201d, se\u00f1al\u00f3 el piloto de JetBlue, seg\u00fan una grabaci\u00f3n de su conversaci\u00f3n con el control de tr\u00e1fico a\u00e9reo.<\/p>\n<p>El piloto a\u00f1adi\u00f3 que aviones militares de EE.UU. pasaron directamente en su ruta de vuelo, sin tener&#8230;<\/p>\n<\/div>\n<\/div>\n<p><br \/>\n<br \/><a href=\"https:\/\/www.hispantv.com\/noticias\/ee-uu-\/636658\/avion-militar-eeuu-choca-avion-civil-cerca-venezuela\" target=\"_blank\" rel=\"noopener\">Fuente <\/a><\/p>\n","protected":false},"excerpt":{"rendered":"<p>Un avi\u00f3n militar de EE.UU. estuvo a punto de colisionar con un vuelo de JetBlue procedente de la peque\u00f1a naci\u00f3n caribe\u00f1a de&hellip;<\/p>\n","protected":false},"author":1,"featured_media":0,"comment_status":"closed","ping_status":"closed","sticky":false,"template":"","format":"standard","meta":{"_lmt_disableupdate":"","_lmt_disable":"","footnotes":""},"categories":[3504],"tags":[],"class_list":["post-11637","post","type-post","status-publish","format-standard","hentry","category-america-del-norte"],"_links":{"self":[{"href":"https:\/\/lemonde.express\/es\/wp-json\/wp\/v2\/posts\/11637","targetHints":{"allow":["GET"]}}],"collection":[{"href":"https:\/\/lemonde.express\/es\/wp-json\/wp\/v2\/posts"}],"about":[{"href":"https:\/\/lemonde.express\/es\/wp-json\/wp\/v2\/types\/post"}],"author":[{"embeddable":true,"href":"https:\/\/lemonde.express\/es\/wp-json\/wp\/v2\/users\/1"}],"replies":[{"embeddable":true,"href":"https:\/\/lemonde.express\/es\/wp-json\/wp\/v2\/comments?post=11637"}],"version-history":[{"count":0,"href":"https:\/\/lemonde.express\/es\/wp-json\/wp\/v2\/posts\/11637\/revisions"}],"wp:attachment":[{"href":"https:\/\/lemonde.express\/es\/wp-json\/wp\/v2\/media?parent=11637"}],"wp:term":[{"taxonomy":"category","embeddable":true,"href":"https:\/\/lemonde.express\/es\/wp-json\/wp\/v2\/categories?post=11637"},{"taxonomy":"post_tag","embeddable":true,"href":"https:\/\/lemonde.express\/es\/wp-json\/wp\/v2\/tags?post=11637"}],"curies":[{"name":"wp","href":"https:\/\/api.w.org\/{rel}","templated":true}]}}