{"id":12230,"date":"2026-01-06T17:53:28","date_gmt":"2026-01-06T17:53:28","guid":{"rendered":"https:\/\/lemonde.express\/el-principado-busca-gerente-para-constructora-promotora-sedes\/"},"modified":"2026-01-06T17:53:28","modified_gmt":"2026-01-06T17:53:28","slug":"el-principado-busca-gerente-para-constructora-promotora-sedes","status":"publish","type":"post","link":"https:\/\/lemonde.express\/es\/el-principado-busca-gerente-para-constructora-promotora-sedes\/","title":{"rendered":"El Principado busca gerente para constructora promotora Sedes"},"content":{"rendered":"<p><br \/>\n<br \/><img decoding=\"async\" data-src=\"https:\/\/img.europapress.es\/fotoweb\/fotonoticia_20260106132953_120.jpg\" src=\"data:image\/svg+xml;base64,PHN2ZyB3aWR0aD0iMSIgaGVpZ2h0PSIxIiB4bWxucz0iaHR0cDovL3d3dy53My5vcmcvMjAwMC9zdmciPjwvc3ZnPg==\" class=\"lazyload\" \/><\/p>\n<div xmlns:default=\"http:\/\/www.w3.org\/2000\/svg\" id=\"CuerpoNoticia\" itemprop=\"articleBody\">\n<p><!-- inicio multimedia --><\/p>\n<div class=\"full644\">\n<!-- inicio foto --><\/p>\n<div class=\"schema_foto\">\n<picture><source srcset=\"https:\/\/img.europapress.es\/fotoweb\/fotonoticia_20260106132953_690.avif\" type=\"image\/avif\"\/><source data-srcset=\"https:\/\/img.europapress.es\/fotoweb\/fotonoticia_20260106132953_690.webp\" type=\"image\/webp\"\/><\/picture><\/div>\n<p><!-- fin foto --><br \/>\n<!-- inicio pie-firma --><\/p>\n<figcaption>\n<summary class=\"fotoPie\">Archivo &#8211; El consejero de Vivienda y Ordenaci\u00f3n del Terrriorio, Ovidio Zapico.<\/summary>\n<p> &#8211; CAPTURA WEB JGPA &#8211; Archivo<\/figcaption><\/p>\n<p> <!-- fin pie-firma -->\n<\/div>\n<p><!-- fin multimedia --><!-- inicio firma-equipo --><\/p>\n<p><!-- fin firma-equipo --><\/p>\n<p>   OVIEDO 6 Ene. (EUROPA PRESS) &#8211; <\/p>\n<p>   La Consejer\u00eda de Ordenaci\u00f3n de Territorio, Urbanismo, Vivienda y Derechos Ciudadanos ha puesto en marcha el proceso para seleccionar a la nueva persona gerente de la empresa p\u00fablica Sedes, S. A., mediante un contrato laboral de alta direcci\u00f3n.<\/p>\n<p>   As\u00ed consta en la convocatoria publicada en el Bolet\u00edn Oficial del Principado de Asturias (BOPA). El puesto se cubrir\u00e1 bajo los principios de m\u00e9rito, capacidad e idoneidad,&#8230;<\/p>\n<\/div>\n<p><br \/>\n<br \/><a href=\"https:\/\/www.europapress.es\/asturias\/noticia-principado-busca-gerente-constructora-promotora-sedes-20260106132953.html\" target=\"_blank\" rel=\"noopener\">Fuente <\/a><\/p>\n","protected":false},"excerpt":{"rendered":"<p>Archivo &#8211; El consejero de Vivienda y Ordenaci\u00f3n del Terrriorio, Ovidio Zapico. &#8211; CAPTURA WEB JGPA &#8211; Archivo OVIEDO 6 Ene. (EUROPA&hellip;<\/p>\n","protected":false},"author":1,"featured_media":0,"comment_status":"closed","ping_status":"closed","sticky":false,"template":"","format":"standard","meta":{"_lmt_disableupdate":"","_lmt_disable":"","footnotes":""},"categories":[3421,3447],"tags":[],"class_list":["post-12230","post","type-post","status-publish","format-standard","hentry","category-bienes-inmuebles","category-immobilier"],"_links":{"self":[{"href":"https:\/\/lemonde.express\/es\/wp-json\/wp\/v2\/posts\/12230","targetHints":{"allow":["GET"]}}],"collection":[{"href":"https:\/\/lemonde.express\/es\/wp-json\/wp\/v2\/posts"}],"about":[{"href":"https:\/\/lemonde.express\/es\/wp-json\/wp\/v2\/types\/post"}],"author":[{"embeddable":true,"href":"https:\/\/lemonde.express\/es\/wp-json\/wp\/v2\/users\/1"}],"replies":[{"embeddable":true,"href":"https:\/\/lemonde.express\/es\/wp-json\/wp\/v2\/comments?post=12230"}],"version-history":[{"count":0,"href":"https:\/\/lemonde.express\/es\/wp-json\/wp\/v2\/posts\/12230\/revisions"}],"wp:attachment":[{"href":"https:\/\/lemonde.express\/es\/wp-json\/wp\/v2\/media?parent=12230"}],"wp:term":[{"taxonomy":"category","embeddable":true,"href":"https:\/\/lemonde.express\/es\/wp-json\/wp\/v2\/categories?post=12230"},{"taxonomy":"post_tag","embeddable":true,"href":"https:\/\/lemonde.express\/es\/wp-json\/wp\/v2\/tags?post=12230"}],"curies":[{"name":"wp","href":"https:\/\/api.w.org\/{rel}","templated":true}]}}