{"id":12704,"date":"2026-01-27T21:21:44","date_gmt":"2026-01-27T21:21:44","guid":{"rendered":"https:\/\/lemonde.express\/a-fondo-ice-en-cuerda-floja-como-ofensiva-migratoria-de-trump-desato-crisis\/"},"modified":"2026-01-27T21:21:44","modified_gmt":"2026-01-27T21:21:44","slug":"a-fondo-ice-en-cuerda-floja-como-ofensiva-migratoria-de-trump-desato-crisis","status":"publish","type":"post","link":"https:\/\/lemonde.express\/es\/a-fondo-ice-en-cuerda-floja-como-ofensiva-migratoria-de-trump-desato-crisis\/","title":{"rendered":"A FONDO: ICE en cuerda floja, \u00bfc\u00f3mo ofensiva migratoria de Trump desat\u00f3 crisis?"},"content":{"rendered":"<p><br \/>\n<\/p>\n<p itemprop=\"description\">Trump intensifica su ofensiva migratoria en Minnesota; ICE y Patrulla Fronteriza operan con fuerza excesiva, violando protocolos y generando cr\u00edticas y demandas legales.<\/p>\n<div itemprop=\"articleBody\">\n<p>En las secuelas de dos tiroteos mortales en Mine\u00e1polis, en los que las pruebas en video sugieren que agentes federales incumplieron los protocolos, la impresi\u00f3n creciente entre expertos legales, muchos legisladores y gran parte del p\u00fablico es que el Servicio de Inmigraci\u00f3n y Control de Aduanas (ICE) y la Patrulla Fronteriza est\u00e1n operando de manera temeraria y muy fuera de las normas de las fuerzas del orden.<\/p>\n<p>Durante&#8230;<\/p>\n<\/div>\n<p><br \/>\n<br \/><a href=\"https:\/\/www.hispantv.com\/noticias\/ee-uu-\/639337\/ice-ofensiva-migratoria-trum-crisis\" target=\"_blank\" rel=\"noopener\">Fuente <\/a><\/p>\n","protected":false},"excerpt":{"rendered":"<p>Trump intensifica su ofensiva migratoria en Minnesota; ICE y Patrulla Fronteriza operan con fuerza excesiva, violando protocolos y generando cr\u00edticas y demandas&hellip;<\/p>\n","protected":false},"author":1,"featured_media":0,"comment_status":"closed","ping_status":"closed","sticky":false,"template":"","format":"standard","meta":{"_lmt_disableupdate":"","_lmt_disable":"","footnotes":""},"categories":[3504,3512],"tags":[],"class_list":["post-12704","post","type-post","status-publish","format-standard","hentry","category-america-del-norte","category-amerique-du-nord"],"_links":{"self":[{"href":"https:\/\/lemonde.express\/es\/wp-json\/wp\/v2\/posts\/12704","targetHints":{"allow":["GET"]}}],"collection":[{"href":"https:\/\/lemonde.express\/es\/wp-json\/wp\/v2\/posts"}],"about":[{"href":"https:\/\/lemonde.express\/es\/wp-json\/wp\/v2\/types\/post"}],"author":[{"embeddable":true,"href":"https:\/\/lemonde.express\/es\/wp-json\/wp\/v2\/users\/1"}],"replies":[{"embeddable":true,"href":"https:\/\/lemonde.express\/es\/wp-json\/wp\/v2\/comments?post=12704"}],"version-history":[{"count":0,"href":"https:\/\/lemonde.express\/es\/wp-json\/wp\/v2\/posts\/12704\/revisions"}],"wp:attachment":[{"href":"https:\/\/lemonde.express\/es\/wp-json\/wp\/v2\/media?parent=12704"}],"wp:term":[{"taxonomy":"category","embeddable":true,"href":"https:\/\/lemonde.express\/es\/wp-json\/wp\/v2\/categories?post=12704"},{"taxonomy":"post_tag","embeddable":true,"href":"https:\/\/lemonde.express\/es\/wp-json\/wp\/v2\/tags?post=12704"}],"curies":[{"name":"wp","href":"https:\/\/api.w.org\/{rel}","templated":true}]}}