{"id":14875,"date":"2026-04-30T02:24:05","date_gmt":"2026-04-30T02:24:05","guid":{"rendered":"https:\/\/lemonde.express\/quienes-se-disputan-la-presidencia-en-las-elecciones-de-este-domingo-en-ecuador\/"},"modified":"2026-04-30T02:24:05","modified_gmt":"2026-04-30T02:24:05","slug":"quienes-se-disputan-la-presidencia-en-las-elecciones-de-este-domingo-en-ecuador","status":"publish","type":"post","link":"https:\/\/lemonde.express\/es\/quienes-se-disputan-la-presidencia-en-las-elecciones-de-este-domingo-en-ecuador\/","title":{"rendered":"\u00bfQui\u00e9nes se disputan la presidencia en las elecciones de este domingo en Ecuador?"},"content":{"rendered":"<p><br \/>\n<br \/><img decoding=\"async\" data-src=\"https:\/\/gdb.voanews.com\/8dd71ac9-83bf-42c7-d5dc-08dd481b2f46_w800_h450.jpg\" src=\"data:image\/svg+xml;base64,PHN2ZyB3aWR0aD0iMSIgaGVpZ2h0PSIxIiB4bWxucz0iaHR0cDovL3d3dy53My5vcmcvMjAwMC9zdmciPjwvc3ZnPg==\" class=\"lazyload\" \/><\/p>\n<div>\n<p>Ecuador se prepara para elegir a su futuro presidente y los asamble\u00edstas en <strong><em><a class=\"wsw__a\" href=\"https:\/\/www.vozdeamerica.com\/a\/ecuador-se-prepara-para-las-elecciones-generales-que-se-realizar%C3%A1n-el-9-de-febrero\/7955335.html\" target=\"_blank\" rel=\"noopener\">las elecciones del domingo 9 de febrero<\/a><\/em> <\/strong>y, aunque hay 16 candidatos en la contienda, los sondeos indican que dos tienen m\u00e1s posibilidades de ganar: el mandatario Daniel Noboa y la izquierdista Luisa Gonz\u00e1lez, quienes se medir\u00e1n por segunda vez en las urnas.<\/p>\n<p>En las encuestas de intenci\u00f3n de voto, Noboa sigue en primer lugar, seguido por Gonz\u00e1lez. Los restantes 14 postulantes est\u00e1n con menos del 2 % de intenci\u00f3n de voto y los indecisos suman cerca del 24 %.<\/p>\n<h3 class=\"wsw__h3\">Noboa, con retos durante su breve mandato&#8230;<\/h3>\n<\/div>\n<p><br \/>\n<br \/><a href=\"https:\/\/www.vozdeamerica.com\/a\/candidatos-presidencia-elecciones-domingo-ecuador-\/7967916.html\" target=\"_blank\" rel=\"noopener\">Fuente <\/a><\/p>\n","protected":false},"excerpt":{"rendered":"<p>Ecuador se prepara para elegir a su futuro presidente y los asamble\u00edstas en las elecciones del domingo 9 de febrero y, aunque&hellip;<\/p>\n","protected":false},"author":1,"featured_media":0,"comment_status":"closed","ping_status":"closed","sticky":false,"template":"","format":"standard","meta":{"_lmt_disableupdate":"","_lmt_disable":"","footnotes":""},"categories":[3505,3513],"tags":[],"class_list":["post-14875","post","type-post","status-publish","format-standard","hentry","category-america-del-sur","category-amerique-du-sud"],"_links":{"self":[{"href":"https:\/\/lemonde.express\/es\/wp-json\/wp\/v2\/posts\/14875","targetHints":{"allow":["GET"]}}],"collection":[{"href":"https:\/\/lemonde.express\/es\/wp-json\/wp\/v2\/posts"}],"about":[{"href":"https:\/\/lemonde.express\/es\/wp-json\/wp\/v2\/types\/post"}],"author":[{"embeddable":true,"href":"https:\/\/lemonde.express\/es\/wp-json\/wp\/v2\/users\/1"}],"replies":[{"embeddable":true,"href":"https:\/\/lemonde.express\/es\/wp-json\/wp\/v2\/comments?post=14875"}],"version-history":[{"count":0,"href":"https:\/\/lemonde.express\/es\/wp-json\/wp\/v2\/posts\/14875\/revisions"}],"wp:attachment":[{"href":"https:\/\/lemonde.express\/es\/wp-json\/wp\/v2\/media?parent=14875"}],"wp:term":[{"taxonomy":"category","embeddable":true,"href":"https:\/\/lemonde.express\/es\/wp-json\/wp\/v2\/categories?post=14875"},{"taxonomy":"post_tag","embeddable":true,"href":"https:\/\/lemonde.express\/es\/wp-json\/wp\/v2\/tags?post=14875"}],"curies":[{"name":"wp","href":"https:\/\/api.w.org\/{rel}","templated":true}]}}