{"id":14879,"date":"2026-04-30T04:24:09","date_gmt":"2026-04-30T04:24:09","guid":{"rendered":"https:\/\/lemonde.express\/el-militar-mas-condecorado-de-australia-detenido-por-presuntos-crimenes-de-guerra-en-libertad-bajo-fianza-internacional\/"},"modified":"2026-04-30T04:24:09","modified_gmt":"2026-04-30T04:24:09","slug":"el-militar-mas-condecorado-de-australia-detenido-por-presuntos-crimenes-de-guerra-en-libertad-bajo-fianza-internacional","status":"publish","type":"post","link":"https:\/\/lemonde.express\/es\/el-militar-mas-condecorado-de-australia-detenido-por-presuntos-crimenes-de-guerra-en-libertad-bajo-fianza-internacional\/","title":{"rendered":"El militar m\u00e1s condecorado de Australia, detenido por presuntos cr\u00edmenes de guerra, en libertad bajo fianza | Internacional"},"content":{"rendered":"<p><br \/>\n<br \/><img decoding=\"async\" data-src=\"https:\/\/imagenes.elpais.com\/resizer\/v2\/4TIEY2E43ZPVJPLJUFVB7LYWOM.jpg?auth=628489df0504fce80fcec84757716a54b42a67f554320096f3380700815c5164\" src=\"data:image\/svg+xml;base64,PHN2ZyB3aWR0aD0iMSIgaGVpZ2h0PSIxIiB4bWxucz0iaHR0cDovL3d3dy53My5vcmcvMjAwMC9zdmciPjwvc3ZnPg==\" class=\"lazyload\" \/><\/p>\n<div data-dtm-region=\"articulo_cuerpo\">\n<p class=\"\">Un tribunal australiano ha ordenado este viernes la libertad bajo fianza con restricciones de viaje para Ben Roberts-Smith, el soldado vivo m\u00e1s condecorado de Australia, <a href=\"https:\/\/elpais.com\/internacional\/2026-04-07\/detenido-el-militar-mas-condecorado-de-australia-acusado-de-crimenes-de-guerra-en-afganistan.html\" target=\"_self\" rel=\"noopener\" title=\"https:\/\/elpais.com\/internacional\/2026-04-07\/detenido-el-militar-mas-condecorado-de-australia-acusado-de-crimenes-de-guerra-en-afganistan.html\">detenido la semana pasada<\/a>, acusado de cinco cargos de cr\u00edmenes de guerra cometidos mientras estaba desplegado durante <a href=\"https:\/\/elpais.com\/internacional\/2026-04-07\/detenido-el-militar-mas-condecorado-de-australia-acusado-de-crimenes-de-guerra-en-afganistan.html\" target=\"_self\" rel=\"noopener\" title=\"https:\/\/elpais.com\/internacional\/2026-04-07\/detenido-el-militar-mas-condecorado-de-australia-acusado-de-crimenes-de-guerra-en-afganistan.html\">la guerra de Afganist\u00e1n<\/a>, hace m\u00e1s de una d\u00e9cada.<\/p>\n<p class=\"\">Roberts-Smith, de 47 a\u00f1os, fue detenido en el aeropuerto de S\u00eddney el pasado martes por la polic\u00eda, acusado de su presunta implicaci\u00f3n en la muerte de ciudadanos afganos en distintos incidentes ocurridos entre 2009 y 2012 en la provincia de Uruzgan,&#8230;<\/p>\n<\/div>\n<p><br \/>\n<br \/><a href=\"https:\/\/elpais.com\/internacional\/2026-04-17\/el-militar-mas-condecorado-de-australia-detenido-por-presuntos-crimenes-de-guerra-en-libertad-bajo-fianza.html\" target=\"_blank\" rel=\"noopener\">Fuente <\/a><\/p>\n","protected":false},"excerpt":{"rendered":"<p>Un tribunal australiano ha ordenado este viernes la libertad bajo fianza con restricciones de viaje para Ben Roberts-Smith, el soldado vivo m\u00e1s&hellip;<\/p>\n","protected":false},"author":1,"featured_media":0,"comment_status":"closed","ping_status":"closed","sticky":false,"template":"","format":"standard","meta":{"_lmt_disableupdate":"","_lmt_disable":"","footnotes":""},"categories":[3501,3509],"tags":[],"class_list":["post-14879","post","type-post","status-publish","format-standard","hentry","category-australia","category-australie"],"_links":{"self":[{"href":"https:\/\/lemonde.express\/es\/wp-json\/wp\/v2\/posts\/14879","targetHints":{"allow":["GET"]}}],"collection":[{"href":"https:\/\/lemonde.express\/es\/wp-json\/wp\/v2\/posts"}],"about":[{"href":"https:\/\/lemonde.express\/es\/wp-json\/wp\/v2\/types\/post"}],"author":[{"embeddable":true,"href":"https:\/\/lemonde.express\/es\/wp-json\/wp\/v2\/users\/1"}],"replies":[{"embeddable":true,"href":"https:\/\/lemonde.express\/es\/wp-json\/wp\/v2\/comments?post=14879"}],"version-history":[{"count":0,"href":"https:\/\/lemonde.express\/es\/wp-json\/wp\/v2\/posts\/14879\/revisions"}],"wp:attachment":[{"href":"https:\/\/lemonde.express\/es\/wp-json\/wp\/v2\/media?parent=14879"}],"wp:term":[{"taxonomy":"category","embeddable":true,"href":"https:\/\/lemonde.express\/es\/wp-json\/wp\/v2\/categories?post=14879"},{"taxonomy":"post_tag","embeddable":true,"href":"https:\/\/lemonde.express\/es\/wp-json\/wp\/v2\/tags?post=14879"}],"curies":[{"name":"wp","href":"https:\/\/api.w.org\/{rel}","templated":true}]}}