{"id":14900,"date":"2026-04-30T15:24:26","date_gmt":"2026-04-30T15:24:26","guid":{"rendered":"https:\/\/lemonde.express\/insur-se-alia-con-grupo-mas-para-impulsar-un-residencial-de-56-millones-en-el-distrito-bellavista-la-palmera-de-sevilla\/"},"modified":"2026-04-30T15:24:26","modified_gmt":"2026-04-30T15:24:26","slug":"insur-se-alia-con-grupo-mas-para-impulsar-un-residencial-de-56-millones-en-el-distrito-bellavista-la-palmera-de-sevilla","status":"publish","type":"post","link":"https:\/\/lemonde.express\/es\/insur-se-alia-con-grupo-mas-para-impulsar-un-residencial-de-56-millones-en-el-distrito-bellavista-la-palmera-de-sevilla\/","title":{"rendered":"Insur se al\u00eda con Grupo MAS para impulsar un residencial de 56 millones en el distrito Bellavista-La Palmera de Sevilla"},"content":{"rendered":"<p><br \/>\n<br \/><img decoding=\"async\" data-src=\"https:\/\/img.europapress.es\/fotoweb\/fotonoticia_20260430115404_120.jpg\" src=\"data:image\/svg+xml;base64,PHN2ZyB3aWR0aD0iMSIgaGVpZ2h0PSIxIiB4bWxucz0iaHR0cDovL3d3dy53My5vcmcvMjAwMC9zdmciPjwvc3ZnPg==\" class=\"lazyload\" \/><\/p>\n<div id=\"CuerpoNoticia\" itemprop=\"articleBody\">\n<p><!-- inicio multimedia --><\/p>\n<div class=\"full644\">\n<!-- inicio foto --><\/p>\n<div class=\"schema_foto\">\n<picture><source srcset=\"https:\/\/img.europapress.es\/fotoweb\/fotonoticia_20260430115404_108.avif 108w, https:\/\/img.europapress.es\/fotoweb\/fotonoticia_20260430115404_120.avif 120w, https:\/\/img.europapress.es\/fotoweb\/fotonoticia_20260430115404_140.avif 140w, https:\/\/img.europapress.es\/fotoweb\/fotonoticia_20260430115404_220.avif 220w, https:\/\/img.europapress.es\/fotoweb\/fotonoticia_20260430115404_320.avif 320w, https:\/\/img.europapress.es\/fotoweb\/fotonoticia_20260430115404_400.avif 400w, https:\/\/img.europapress.es\/fotoweb\/fotonoticia_20260430115404_560.avif 560w, https:\/\/img.europapress.es\/fotoweb\/fotonoticia_20260430115404_690.avif 690w, https:\/\/img.europapress.es\/fotoweb\/fotonoticia_20260430115404_828.avif 828w, https:\/\/img.europapress.es\/fotoweb\/fotonoticia_20260430115404_1024.avif 1024w, https:\/\/img.europapress.es\/fotoweb\/fotonoticia_20260430115404_1200.avif 1200w\" sizes=\"690px\" type=\"image\/avif\"\/><source data-srcset=\"https:\/\/img.europapress.es\/fotoweb\/fotonoticia_20260430115404_108.webp 108w, https:\/\/img.europapress.es\/fotoweb\/fotonoticia_20260430115404_120.webp 120w, https:\/\/img.europapress.es\/fotoweb\/fotonoticia_20260430115404_140.webp 140w, https:\/\/img.europapress.es\/fotoweb\/fotonoticia_20260430115404_220.webp 220w, https:\/\/img.europapress.es\/fotoweb\/fotonoticia_20260430115404_320.webp 320w, https:\/\/img.europapress.es\/fotoweb\/fotonoticia_20260430115404_400.webp 400w, https:\/\/img.europapress.es\/fotoweb\/fotonoticia_20260430115404_560.webp 560w, https:\/\/img.europapress.es\/fotoweb\/fotonoticia_20260430115404_690.webp 690w, https:\/\/img.europapress.es\/fotoweb\/fotonoticia_20260430115404_828.webp 828w, https:\/\/img.europapress.es\/fotoweb\/fotonoticia_20260430115404_1024.webp 1024w, https:\/\/img.europapress.es\/fotoweb\/fotonoticia_20260430115404_1200.webp 1200w\" data-sizes=\"690px\" type=\"image\/webp\"\/><\/picture><\/div>\n<p><!-- fin foto --><br \/>\n<!-- inicio pie-firma --><\/p>\n<figcaption>\n<summary class=\"fotoPie\">Grupo Insur se al\u00eda con el family office de Grupo MAS para desarrollar una promoci\u00f3n residencial de 192 viviendas en Bellavista (Sevilla) con una inversi\u00f3n de 56,8 millones.<\/summary>\n<p> &#8211; GRUPO INSUR<\/figcaption><\/p>\n<p> <!-- fin pie-firma -->\n<\/div>\n<p><!-- fin multimedia --><!-- inicio firma-equipo --><\/p>\n<p><!-- fin firma-equipo --><\/p>\n<p>\u00a0\u00a0\u00a0SEVILLA, 30 Abr. (EUROPA PRESS) &#8211; <\/p>\n<p>\u00a0\u00a0\u00a0Grupo Insur y el family office de Grupo MAS han formalizado una alianza estrat\u00e9gica para el desarrollo de una nueva promoci\u00f3n residencial en Sevilla, tras la reciente adquisici\u00f3n de un suelo en la calle Afrodita, en el distrito Bellavista-La Palmera. Para ello, ambas entidades han constituido una sociedad conjunta desde la que impulsar\u00e1n&#8230;<\/p>\n<\/div>\n<p><br \/>\n<br \/><a href=\"https:\/\/www.europapress.es\/andalucia\/sevilla-00357\/noticia-insur-alia-grupo-mas-impulsar-residencial-56-millones-distrito-bellavista-palmera-sevilla-20260430115404.html\" target=\"_blank\" rel=\"noopener\">Fuente <\/a><\/p>\n","protected":false},"excerpt":{"rendered":"<p>Grupo Insur se al\u00eda con el family office de Grupo MAS para desarrollar una promoci\u00f3n residencial de 192 viviendas en Bellavista (Sevilla)&hellip;<\/p>\n","protected":false},"author":1,"featured_media":0,"comment_status":"closed","ping_status":"closed","sticky":false,"template":"","format":"standard","meta":{"_lmt_disableupdate":"","_lmt_disable":"","footnotes":""},"categories":[3421,3447],"tags":[],"class_list":["post-14900","post","type-post","status-publish","format-standard","hentry","category-bienes-inmuebles","category-immobilier"],"_links":{"self":[{"href":"https:\/\/lemonde.express\/es\/wp-json\/wp\/v2\/posts\/14900","targetHints":{"allow":["GET"]}}],"collection":[{"href":"https:\/\/lemonde.express\/es\/wp-json\/wp\/v2\/posts"}],"about":[{"href":"https:\/\/lemonde.express\/es\/wp-json\/wp\/v2\/types\/post"}],"author":[{"embeddable":true,"href":"https:\/\/lemonde.express\/es\/wp-json\/wp\/v2\/users\/1"}],"replies":[{"embeddable":true,"href":"https:\/\/lemonde.express\/es\/wp-json\/wp\/v2\/comments?post=14900"}],"version-history":[{"count":0,"href":"https:\/\/lemonde.express\/es\/wp-json\/wp\/v2\/posts\/14900\/revisions"}],"wp:attachment":[{"href":"https:\/\/lemonde.express\/es\/wp-json\/wp\/v2\/media?parent=14900"}],"wp:term":[{"taxonomy":"category","embeddable":true,"href":"https:\/\/lemonde.express\/es\/wp-json\/wp\/v2\/categories?post=14900"},{"taxonomy":"post_tag","embeddable":true,"href":"https:\/\/lemonde.express\/es\/wp-json\/wp\/v2\/tags?post=14900"}],"curies":[{"name":"wp","href":"https:\/\/api.w.org\/{rel}","templated":true}]}}